[{"@context":"https:\/\/schema.org\/","@type":"Article","@id":"https:\/\/www.marilin.cz\/elektricka-auta\/#Article","mainEntityOfPage":"https:\/\/www.marilin.cz\/elektricka-auta\/","headline":"Elektrick\u00e1 auta","name":"Elektrick\u00e1 auta","description":"Pamatuji si, jak m\u016fj tat\u00ednek p\u0159ijel dom\u016f s nov\u00fdm autem. Bylo tmav\u011b hn\u011bd\u00e9. A nebyla to v\u016fbec \u017e\u00e1dn\u00e1 leskl\u00e1 metal\u00edza, byla to n\u011bjak\u00e1 oby\u010dejn\u00e1 matn\u00e1 barva. Pamatuji si, \u017ee m\u011b se v\u016fbec nel\u00edbilo a bylo mi asi p\u011bt let. Nicm\u00e9n\u011b tento okam\u017eik o aut\u011b si pamatuji st\u00e1le. Mysl\u00edm, \u017ee kdybych m\u011bla v\u00edc pen\u011bz, tak bych [&hellip;]","datePublished":"2022-02-24","dateModified":"2023-05-03","author":{"@type":"Person","@id":"https:\/\/www.marilin.cz\/author\/#Person","name":"","url":"https:\/\/www.marilin.cz\/author\/","identifier":1,"image":{"@type":"ImageObject","@id":"https:\/\/secure.gravatar.com\/avatar\/831abbcc684823965c5caa39ae4561083127c8aedfe9e524c6cecc176998c733?s=96&d=mm&r=g","url":"https:\/\/secure.gravatar.com\/avatar\/831abbcc684823965c5caa39ae4561083127c8aedfe9e524c6cecc176998c733?s=96&d=mm&r=g","height":96,"width":96}},"publisher":{"@type":"Organization","name":"marilin.cz","logo":{"@type":"ImageObject","@id":"\/logo.png","url":"\/logo.png","width":600,"height":60}},"image":{"@type":"ImageObject","@id":"https:\/\/www.marilin.cz\/wp-content\/uploads\/zeme2_7.jpg","url":"https:\/\/www.marilin.cz\/wp-content\/uploads\/zeme2_7.jpg","height":0,"width":0},"url":"https:\/\/www.marilin.cz\/elektricka-auta\/","about":["Moto"],"wordCount":441,"articleBody":"Pamatuji si, jak m\u016fj tat\u00ednek p\u0159ijel dom\u016f s nov\u00fdm autem. Bylo tmav\u011b hn\u011bd\u00e9. A nebyla to v\u016fbec \u017e\u00e1dn\u00e1 leskl\u00e1 metal\u00edza, byla to n\u011bjak\u00e1 oby\u010dejn\u00e1 matn\u00e1 barva. Pamatuji si, \u017ee m\u011b se v\u016fbec nel\u00edbilo a bylo mi asi p\u011bt let. Nicm\u00e9n\u011b tento okam\u017eik o aut\u011b si pamatuji st\u00e1le. Mysl\u00edm, \u017ee kdybych m\u011bla v\u00edc pen\u011bz, tak bych tat\u00ednkovi p\u0159isp\u011bla. Aby vy jist\u011b pt\u00e1te, pro\u010d bych tat\u00ednkovi p\u0159isp\u011bla pen\u00edze v p\u011bti letech.Nicm\u00e9n\u011b jsem byla u\u017e takov\u00e1, \u017ee jsem ka\u017ed\u00e9mu cht\u011bla d\u00e1vat pen\u00edze. U\u017e od mali\u010dka. Kdy\u017e jsem m\u011bla n\u011bjak\u00e9 pen\u00edze, t\u0159eba jednu korunu nebo dv\u011b, tak jsem ji cht\u011bla v\u017edycky d\u00e1t mamince. Nyn\u00ed jsem u\u017e dosp\u011bl\u00e1, a st\u00e1le si vybavuji to star\u00e9 na\u0161e auto. Ale pen\u00edze u\u017e nikomu nerozd\u00e1v\u00e1m. Ty jsi r\u00e1da \u0161et\u0159\u00edm. Proto\u017ee si chci po\u0159\u00eddit sv\u00e9 vlastn\u00ed auto. M\u00e1m pr\u00e1ci, kter\u00e1 je hodn\u011b daleko. Je daleko od m\u00e9ho domova. Tak\u017ee si mysl\u00edm, \u017ee auto je skv\u011bl\u00e1 volba, a nav\u00edc je to i prima investice Mysl\u00edm si, \u017ee v budoucnu budou auta je\u0161t\u011b dra\u017e\u0161\u00ed. V\u017edy\u0165 oni cht\u011bj\u00ed ud\u011blat auta na elekt\u0159inu.A \u00fapln\u011b v\u0161echny. Cht\u011bj\u00ed, aby se p\u0159estaly vyr\u00e1b\u011bt auta se spalovac\u00edm motorem. A to je mysl\u00edm tak devades\u00e1t procent aut. Aut v na\u0161\u00ed zemi je na benz\u00edn anebo naftu opravu dost. Mysl\u00edm si, \u017ee to bude velk\u00fd ekonomick\u00fd probl\u00e9m. Proto\u017ee elektrick\u00e1 auta stoj\u00ed mnoho pen\u011bz. A elekt\u0159ina je velmi drah\u00e1. A kdo si to bude moc dovolit? Nev\u00edm pro\u010d tohle n\u011bkdo vymyslel. Sice ch\u00e1pu, \u017ee je to kv\u016fli prost\u0159ed\u00ed. Chceme \u017e\u00edt v lep\u0161\u00ed prost\u0159ed\u00ed, chceme hez\u010d\u00ed p\u0159\u00edrodu. Jen\u017ee zase za jakou cenu? Mysl\u00edm, \u017ee v\u0161echno m\u00e1 sv\u00e9 pro a proti. Mysl\u00edm, \u017ee kdyby byly ty kvalitn\u011bj\u0161\u00ed auta, tak jist\u011b by nemuseli b\u00fdt v\u0161echna na elekt\u0159inu. Mysl\u00edm, \u017ee i se spalovac\u00edm motorem na auta se d\u00e1 n\u011bco d\u011blat. V\u0161echno se d\u00e1 n\u011bjak ud\u011blat, aby se v\u0161em vyhov\u011blo a bylo jenom l\u00e9pe. Jen\u017ee by to asi bylo hodn\u011b n\u00e1kladn\u00e9 a slo\u017eit\u00e9 a asi se do toho nikomu nechce. Musel by to v\u0161echno n\u011bkdo risknout, a to se nejsp\u00ed\u0161 nikomu v\u016fbec nechce.\u00a0                                                                                                                                                                                                                                                                                                                                                                                        4.5\/5 - (6 votes)        "},{"@context":"https:\/\/schema.org\/","@type":"BreadcrumbList","itemListElement":[{"@type":"ListItem","position":1,"name":"Elektrick\u00e1 auta","item":"https:\/\/www.marilin.cz\/elektricka-auta\/#breadcrumbitem"}]}]