[{"@context":"https:\/\/schema.org\/","@type":"Article","@id":"https:\/\/www.marilin.cz\/inteligentni-svetlo\/#Article","mainEntityOfPage":"https:\/\/www.marilin.cz\/inteligentni-svetlo\/","headline":"Inteligentn\u00ed sv\u011btlo","name":"Inteligentn\u00ed sv\u011btlo","description":"\u00a0 V\u011bd\u011bli jste, \u017ee pokud v\u00e1s u va\u0161eho pracovn\u00edho stolu tr\u00e1p\u00ed \u010dast\u00e1 \u00fanava, nemus\u00ed to b\u00fdt jen z p\u0159epracov\u00e1n\u00ed? Na to, jak se p\u0159i pr\u00e1ci c\u00edt\u00edme, m\u00e1 toti\u017e vliv mnoho nejr\u016fzn\u011bj\u0161\u00edch faktor\u016f. Spr\u00e1vn\u00e9 dr\u017een\u00ed t\u011bla, pohodln\u00fd n\u00e1bytek, vhodn\u00e9 oble\u010den\u00ed, spr\u00e1vn\u00e1 teplota v m\u00edstonosti a samoz\u0159ejm\u011b tak\u00e9 spr\u00e1vn\u00ed osv\u011btlen\u00ed pracovn\u00ed plochy. Spr\u00e1vn\u00e9 sv\u011btlo je toti\u017e jedna [&hellip;]","datePublished":"2024-10-26","dateModified":"2024-10-26","author":{"@type":"Person","@id":"https:\/\/www.marilin.cz\/author\/#Person","name":"","url":"https:\/\/www.marilin.cz\/author\/","identifier":1,"image":{"@type":"ImageObject","@id":"https:\/\/secure.gravatar.com\/avatar\/831abbcc684823965c5caa39ae4561083127c8aedfe9e524c6cecc176998c733?s=96&d=mm&r=g","url":"https:\/\/secure.gravatar.com\/avatar\/831abbcc684823965c5caa39ae4561083127c8aedfe9e524c6cecc176998c733?s=96&d=mm&r=g","height":96,"width":96}},"publisher":{"@type":"Organization","name":"marilin.cz","logo":{"@type":"ImageObject","@id":"\/logo.png","url":"\/logo.png","width":600,"height":60}},"url":"https:\/\/www.marilin.cz\/inteligentni-svetlo\/","wordCount":236,"articleBody":"\u00a0V\u011bd\u011bli jste, \u017ee pokud v\u00e1s u va\u0161eho pracovn\u00edho stolu tr\u00e1p\u00ed \u010dast\u00e1 \u00fanava, nemus\u00ed to b\u00fdt jen z p\u0159epracov\u00e1n\u00ed? Na to, jak se p\u0159i pr\u00e1ci c\u00edt\u00edme, m\u00e1 toti\u017e vliv mnoho nejr\u016fzn\u011bj\u0161\u00edch faktor\u016f. Spr\u00e1vn\u00e9 dr\u017een\u00ed t\u011bla, pohodln\u00fd n\u00e1bytek, vhodn\u00e9 oble\u010den\u00ed, spr\u00e1vn\u00e1 teplota v m\u00edstonosti a samoz\u0159ejm\u011b tak\u00e9 spr\u00e1vn\u00ed osv\u011btlen\u00ed pracovn\u00ed plochy. Spr\u00e1vn\u00e9 sv\u011btlo je toti\u017e jedna z nejd\u016fle\u017eit\u011bj\u0161\u00edch veli\u010din, kter\u00e9 ovliv\u0148uj\u00ed n\u00e1\u0161 zrak, v\u00fdkon a tak\u00e9 \u00fanavu. Jen\u017ee, jak\u00e9 osv\u011btlen\u00ed je to spr\u00e1vn\u00e9? Vyzkou\u0161ejte inteligentn\u00ed lampy Waldmann a budete m\u00edt jasno.\u00a0Co je v\u00fdjime\u010dn\u00e9\u00a0A co je vlastn\u011b na t\u011bchto sv\u00edtidlech tak v\u00fdjime\u010dn\u00e9? Na z\u00e1klad\u011b v\u00fdpo\u010dt\u016f okoln\u00edho sv\u011btla se staraj\u00ed o spr\u00e1vn\u00e9 osv\u011btlen\u00ed pracovn\u00ed plochy. V\u00fdrazn\u011b \u0161et\u0159\u00ed energii. Samoz\u0159ejm\u011b \u0161et\u0159\u00ed v\u00e1\u0161 zrak, a to d\u00edky sni\u017eov\u00e1n\u00ed odlesk\u016f sv\u011btla v monitorech. Nen\u00ed pot\u0159eba slo\u017eit\u00e1 instalace kabel\u016f nebo vyp\u00edna\u010d\u016f. Sv\u00edtidlo si p\u0159em\u00edst\u00edte tam, kam budete zrovna pot\u0159ebovat. Automatick\u00e1 detekce pohybu je tak\u00e9 velice p\u0159\u00ednosn\u00e1. Nikdy nebudete sv\u00edtit zbyte\u010dn\u011b. Nav\u00edc se jedn\u00e1 o velice zaj\u00edmav\u00fd designov\u00fd prvek, kter\u00fd dok\u00e1\u017ee ozvl\u00e1\u0161tnit interi\u00e9r va\u0161\u00ed kancel\u00e1\u0159e.                                                                                                                                                                                                                                                                                                                                                                                        3.7\/5 - (3 votes)        "},{"@context":"https:\/\/schema.org\/","@type":"BreadcrumbList","itemListElement":[{"@type":"ListItem","position":1,"name":"Inteligentn\u00ed sv\u011btlo","item":"https:\/\/www.marilin.cz\/inteligentni-svetlo\/#breadcrumbitem"}]}]