[{"@context":"https:\/\/schema.org\/","@type":"Article","@id":"https:\/\/www.marilin.cz\/jaci-jsou-muzi\/#Article","mainEntityOfPage":"https:\/\/www.marilin.cz\/jaci-jsou-muzi\/","headline":"Jac\u00ed jsou mu\u017ei","name":"Jac\u00ed jsou mu\u017ei","description":"Mu\u017ei byli v\u017edycky velmi zaj\u00edmav\u00e9 stvo\u0159en\u00ed. A j\u00e1 to ale nemysl\u00edm zle. Mysl\u00edm to pr\u00e1v\u011b velmi dob\u0159e. Proto\u017ee jenom si p\u0159edstavte, Kdyby mu\u017ei nebyli. Kdo by se potom o n\u00e1s staral? A kdo by n\u00e1m d\u00e1val d\u011bti? Mysl\u00edm si, \u017ee tohle je ot\u00e1zka sama o sob\u011b. J\u00e1 jsem toti\u017e takov\u00e1, \u017ee se dok\u00e1\u017eu velmi hodn\u011b [&hellip;]","datePublished":"2022-04-16","dateModified":"2023-05-03","author":{"@type":"Person","@id":"https:\/\/www.marilin.cz\/author\/#Person","name":"","url":"https:\/\/www.marilin.cz\/author\/","identifier":1,"image":{"@type":"ImageObject","@id":"https:\/\/secure.gravatar.com\/avatar\/831abbcc684823965c5caa39ae4561083127c8aedfe9e524c6cecc176998c733?s=96&d=mm&r=g","url":"https:\/\/secure.gravatar.com\/avatar\/831abbcc684823965c5caa39ae4561083127c8aedfe9e524c6cecc176998c733?s=96&d=mm&r=g","height":96,"width":96}},"publisher":{"@type":"Organization","name":"marilin.cz","logo":{"@type":"ImageObject","@id":"\/logo.png","url":"\/logo.png","width":600,"height":60}},"image":{"@type":"ImageObject","@id":"https:\/\/www.marilin.cz\/wp-content\/uploads\/%C5%BEena%20a%20mu%C5%BE_7.JPG","url":"https:\/\/www.marilin.cz\/wp-content\/uploads\/%C5%BEena%20a%20mu%C5%BE_7.JPG","height":0,"width":0},"url":"https:\/\/www.marilin.cz\/jaci-jsou-muzi\/","about":["Mu\u017ei"],"wordCount":428,"articleBody":"Mu\u017ei byli v\u017edycky velmi zaj\u00edmav\u00e9 stvo\u0159en\u00ed. A j\u00e1 to ale nemysl\u00edm zle. Mysl\u00edm to pr\u00e1v\u011b velmi dob\u0159e. Proto\u017ee jenom si p\u0159edstavte, Kdyby mu\u017ei nebyli. Kdo by se potom o n\u00e1s staral? A kdo by n\u00e1m d\u00e1val d\u011bti? Mysl\u00edm si, \u017ee tohle je ot\u00e1zka sama o sob\u011b. J\u00e1 jsem toti\u017e takov\u00e1, \u017ee se dok\u00e1\u017eu velmi hodn\u011b p\u0159izp\u016fsobit. A taky bych si nedok\u00e1zala p\u0159edstavit \u017eivot, kdybych nem\u011bla mu\u017ee. J\u00e1 abych pravdu \u0159ekla, tak jsem technicky velmi nemotorn\u00e1. Neum\u00edm skoro nic opravit a abych si opravila t\u0159eba \u017e\u00e1rovku, tak to tedy v\u016fbec ne. A j\u00e1 takov\u00e9to v\u011bci v\u016fbec neum\u00edm. A abych pravdu \u0159ekla, tak jsem velmi r\u00e1da, kdy\u017e mi mu\u017e pom\u016f\u017ee. J\u00e1 jsem toti\u017e takov\u00e1, \u017ee si rad\u011bji nech\u00e1m pomoct, ne\u017e abych n\u011bco ud\u011blala sama a rozbila to. J\u00e1 jsem toti\u017e takhle ne\u0161ikovn\u00e1, \u017ee do \u010deho se pust\u00edm, tak to v\u011bt\u0161inou\u00a0rozbiji. Proto takov\u00e9 ty typick\u00e9 mu\u017esk\u00e9 pr\u00e1ce rad\u011bji nech\u00e1v\u00e1m mu\u017e\u016fm.A jak to m\u00e1te vy? Taky m\u00e1te p\u0159ed\u011blan\u00e9 takhle pr\u00e1ce, kter\u00e9 jsou mu\u017esk\u00e9 a d\u00e1msk\u00e9? Nev\u00edm jak vy, ale mn\u011b t\u0159eba osobn\u011b by se nel\u00edbilo, kdybych vid\u011bla m\u016f\u017ee, jak um\u00fdv\u00e1 podlahu. Mysl\u00edm si, \u017ee n\u011bkter\u00e9 dom\u00e1c\u00ed pr\u00e1ce jsou opravdu vylo\u017een\u011b pouze pro \u017eeny. Samoz\u0159ejm\u011b v\u00edm, \u017ee je mnoho \u017een u\u017e emancipovan\u00fdch. Jenom\u017ee mn\u011b osobn\u011b by se fakt nel\u00edbilo, kdyby mu\u017e tady vykon\u00e1val v\u0161elijak\u00e9 dom\u00e1c\u00ed d\u00e1msk\u00e9\u00a0pr\u00e1ce. A to se mi zase l\u00edb\u00ed. N\u011bkter\u00e1 \u017eena vy\u017eaduje, abych u\u017e taky zapojil aktivn\u011b do dom\u00e1c\u00edch prac\u00ed. U m\u011b by s t\u00edm ale nepochodil, proto\u017ee j\u00e1 jsem r\u00e1da, kdyby mu\u017e pracoval t\u0159eba n\u011bkde venku u auta anebo v gar\u00e1\u017ei. A v\u0161elijak\u00e9 dom\u00e1c\u00ed pr\u00e1ce zastanu j\u00e1 sama. A m\u011b to taky bav\u00ed, nav\u00edc m\u00e1m k tomu n\u011bjak\u00fd pohyb. A to se vyplat\u00ed. Alespo\u0148 nemus\u00edm utr\u00e1cet velk\u00e9 pen\u00edze za\u00a0posilovnu\u00a0nebo dal\u0161\u00ed v\u011bci. D\u00edky \u00faklidu m\u00e1m vlastn\u011b hodn\u011b pohybu a moc mi to vyhovuje. A jak jste na tom vy? Proto\u017ee n\u011bkdo ani mu\u017ee nepot\u0159ebuje nebo nechce k \u017eivotu. Zn\u00e1m mnoho \u017een, kter\u00e9 jsou rad\u011bji samy a bez mu\u017ee.                                                                                                                                                                                                                                                                                                                                                                                        4\/5 - (11 votes)        "},{"@context":"https:\/\/schema.org\/","@type":"BreadcrumbList","itemListElement":[{"@type":"ListItem","position":1,"name":"Jac\u00ed jsou mu\u017ei","item":"https:\/\/www.marilin.cz\/jaci-jsou-muzi\/#breadcrumbitem"}]}]