[{"@context":"https:\/\/schema.org\/","@type":"Article","@id":"https:\/\/www.marilin.cz\/jake-obleceni-na-motorku\/#Article","mainEntityOfPage":"https:\/\/www.marilin.cz\/jake-obleceni-na-motorku\/","headline":"Jak\u00e9 oble\u010den\u00ed na motorku","name":"Jak\u00e9 oble\u010den\u00ed na motorku","description":"Na motocyklu to vyfukuje, a je jedno zda m\u00e1te Harleye, nebo oby\u010dejn\u00e9ho \u201efichtla\u201c jak se kdysi \u0159\u00edk\u00e1valo. Proto by m\u011blo b\u00fdt va\u0161e oble\u010den\u00ed p\u0159edev\u0161\u00edm tepl\u00e9. Ale i v l\u00e9t\u011b? Nu, pod\u00edvejme se na to tro\u0161ku podrobn\u011bji. Tento probl\u00e9m nen\u00ed jednoduch\u00fd. Mus\u00edte si toti\u017e up\u0159esnit na co a na jak dlouho toto oble\u010den\u00ed budete pou\u017e\u00edvat. Jezd\u00edte- [&hellip;]","datePublished":"2019-10-04","dateModified":"2023-05-03","author":{"@type":"Person","@id":"https:\/\/www.marilin.cz\/author\/#Person","name":"","url":"https:\/\/www.marilin.cz\/author\/","identifier":1,"image":{"@type":"ImageObject","@id":"https:\/\/secure.gravatar.com\/avatar\/831abbcc684823965c5caa39ae4561083127c8aedfe9e524c6cecc176998c733?s=96&d=mm&r=g","url":"https:\/\/secure.gravatar.com\/avatar\/831abbcc684823965c5caa39ae4561083127c8aedfe9e524c6cecc176998c733?s=96&d=mm&r=g","height":96,"width":96}},"publisher":{"@type":"Organization","name":"marilin.cz","logo":{"@type":"ImageObject","@id":"\/logo.png","url":"\/logo.png","width":600,"height":60}},"image":{"@type":"ImageObject","@id":"https:\/\/www.marilin.cz\/wp-content\/uploads\/img_a357740_w3761_t1572168277.jpg","url":"https:\/\/www.marilin.cz\/wp-content\/uploads\/img_a357740_w3761_t1572168277.jpg","height":0,"width":0},"url":"https:\/\/www.marilin.cz\/jake-obleceni-na-motorku\/","about":["Moto"],"wordCount":429,"articleBody":"Na motocyklu to vyfukuje, a je jedno zda m\u00e1te Harleye, nebo oby\u010dejn\u00e9ho \u201efichtla\u201c jak se kdysi \u0159\u00edk\u00e1valo. Proto by m\u011blo b\u00fdt va\u0161e oble\u010den\u00ed p\u0159edev\u0161\u00edm tepl\u00e9. Ale i v l\u00e9t\u011b?Nu, pod\u00edvejme se na to tro\u0161ku podrobn\u011bji.Tento probl\u00e9m nen\u00ed jednoduch\u00fd. Mus\u00edte si toti\u017e up\u0159esnit na co a na jak dlouho toto oble\u010den\u00ed budete pou\u017e\u00edvat. Jezd\u00edte- li denn\u011b do pr\u00e1ce, budete jej asi st\u0159\u00eddat, ale pokud jezd\u00edte pouze sez\u00f3nn\u011b, budete pot\u0159ebovat zase n\u011bco jin\u00e9ho. Pojedete-li na do zahrani\u010d\u00ed p\u0159es Pyreneje, plavky asi nebudou to prav\u00e9 o\u0159echov\u00e9.Tak\u017ee va\u0161e dilema bude jako prvn\u00ed, zda volit textil nebo k\u016f\u017ei. Nebereme nyn\u00ed v potaz finan\u010dn\u00ed str\u00e1nku v\u011bci.V\u00fdhody textilu jsou ty, \u017ee je leh\u010d\u00ed, je v n\u011bm lep\u0161\u00ed pocit volnosti a l\u00e9pe odol\u00e1v\u00e1 po\u010das\u00ed. T\u00edm ov\u0161em nen\u00ed my\u0161len oby\u010dejn\u00fd textil, ale ten na motorku. Takov\u00fd, co m\u00e1 v sob\u011b ukryty d\u016fmysln\u00e9 v\u011bci\u010dky, jako jsou t\u0159eba nepromokav\u00e9 membr\u00e1ny a r\u016fzn\u00e9 ventilace. A tak\u00e9 \u00fadr\u017eba textilu je naprosto jednoduch\u00e1. Hod\u00edte ho do pra\u010dky.K\u016f\u017eem\u00e1 zase jin\u00e9 v\u00fdhody a t\u00edm je p\u0159edev\u0161\u00edm pevnost. Z\u00e1vod\u00ed spolu k\u016f\u017ee hov\u011bz\u00ed a klokan\u00ed. Proto je tak\u00e9 ko\u017een\u00fd oblek na motorce o mnoho bezpe\u010dn\u011bj\u0161\u00ed. Ov\u0161em p\u0159i po\u010das\u00ed to k\u016f\u017ee nevyhr\u00e1v\u00e1. Promokne a su\u0161\u00edte ji dva dny. Co\u017e je na del\u0161\u00edm v\u00fdletu zna\u010dn\u00e1 nev\u00fdhoda. Ale zase, bour\u00e1te, spadnete a jedete po asfaltu. Tedy sv\u00fdm t\u011blem. Dvoud\u00edln\u00e9 od\u011bn\u00ed se rozd\u011bl\u00ed a z\u00e1da jsou v akutn\u00edm nebezpe\u010d\u00ed. Prod\u0159en\u00e1 k\u016f\u017ee (ta va\u0161e) je jen minimum co se m\u016f\u017ee st\u00e1t. Kde\u017eto ko\u017een\u00e1 kombin\u00e9za vcelku dr\u017e\u00ed jako p\u0159ibit\u00e1 a prod\u0159e se tak maxim\u00e1ln\u011b ona. A t\u00edm jsme se vlastn\u011b dostali k volb\u011b, zda oble\u010den\u00ed dvou, nebo jednod\u00edln\u00e9.Ono ostatn\u011b, i kdy\u017e si zvol\u00edte jednu z variant, k\u016f\u017ei, nebo textil, mrskne po v\u00e1s prodava\u010d ot\u00e1zku, zda nechcete kombinaci oboj\u00edho a za\u010d\u00edn\u00e1te vyb\u00edrat znova.Tak\u017ee nakupujte opravdu s rozmyslem a pozor, mo\u017enost\u00ed je daleko v\u00edce ne\u017e je nazna\u010deno v tomto mini \u010dl\u00e1ne\u010dku. Nenechte se zasko\u010dit a n\u011bco si tom je\u0161t\u011b p\u0159e\u010dt\u011bte.\u00a0\u00a0\u00a0\u00a0\u00a0                                                                                                                                                                                                                                                                                                                                                                                        4.2\/5 - (6 votes)        "},{"@context":"https:\/\/schema.org\/","@type":"BreadcrumbList","itemListElement":[{"@type":"ListItem","position":1,"name":"Jak\u00e9 oble\u010den\u00ed na motorku","item":"https:\/\/www.marilin.cz\/jake-obleceni-na-motorku\/#breadcrumbitem"}]}]