[{"@context":"https:\/\/schema.org\/","@type":"Article","@id":"https:\/\/www.marilin.cz\/kdyz-laska-na-slova-nestaci\/#Article","mainEntityOfPage":"https:\/\/www.marilin.cz\/kdyz-laska-na-slova-nestaci\/","headline":"Kdy\u017e l\u00e1ska na slova nesta\u010d\u00ed","name":"Kdy\u017e l\u00e1ska na slova nesta\u010d\u00ed","description":"St\u00e1v\u00e1 se, \u017ee kdy\u017e p\u0159ejde zamilovanost, kon\u010d\u00ed i velk\u00e1 l\u00e1ska. To mo\u017en\u00e1 proto, \u017ee to nebyla ta prav\u00e1. Ale taky se st\u00e1v\u00e1, \u017ee p\u0159ejde zamilovanost a l\u00e1ska m\u00e1 je\u0161t\u011b v\u011bt\u0161\u00ed s\u00edlu a dva lid\u00e9 nem\u016f\u017eou u\u017e bez sebe \u017e\u00edt. Zb\u00fdv\u00e1 jen jedin\u00e9, vz\u00edt se a vstoupit do spole\u010dn\u00e9ho \u017eivota. Ale ne\u017e se tak stane, nem\u016f\u017ee [&hellip;]","datePublished":"2024-11-15","dateModified":"2024-11-15","author":{"@type":"Person","@id":"https:\/\/www.marilin.cz\/author\/#Person","name":"","url":"https:\/\/www.marilin.cz\/author\/","identifier":1,"image":{"@type":"ImageObject","@id":"https:\/\/secure.gravatar.com\/avatar\/831abbcc684823965c5caa39ae4561083127c8aedfe9e524c6cecc176998c733?s=96&d=mm&r=g","url":"https:\/\/secure.gravatar.com\/avatar\/831abbcc684823965c5caa39ae4561083127c8aedfe9e524c6cecc176998c733?s=96&d=mm&r=g","height":96,"width":96}},"publisher":{"@type":"Organization","name":"marilin.cz","logo":{"@type":"ImageObject","@id":"\/logo.png","url":"\/logo.png","width":600,"height":60}},"url":"https:\/\/www.marilin.cz\/kdyz-laska-na-slova-nestaci\/","wordCount":188,"articleBody":"St\u00e1v\u00e1 se, \u017ee kdy\u017e p\u0159ejde zamilovanost, kon\u010d\u00ed i velk\u00e1 l\u00e1ska. To mo\u017en\u00e1 proto, \u017ee to nebyla ta prav\u00e1. Ale taky se st\u00e1v\u00e1, \u017ee p\u0159ejde zamilovanost a l\u00e1ska m\u00e1 je\u0161t\u011b v\u011bt\u0161\u00ed s\u00edlu a dva lid\u00e9 nem\u016f\u017eou u\u017e bez sebe \u017e\u00edt. Zb\u00fdv\u00e1 jen jedin\u00e9, vz\u00edt se a vstoupit do spole\u010dn\u00e9ho \u017eivota. Ale ne\u017e se tak stane, nem\u016f\u017ee se to obej\u00edt bez z\u00e1snubn\u00edho prstenu. Zlat\u00e9ho \u0161perku, kter\u00fd o\u010dek\u00e1v\u00e1 ka\u017ed\u00e1 zamilovan\u00e1 a miluj\u00edc\u00ed \u017eena, a kter\u00fd nezn\u00e1 lep\u0161\u00ed slova. Bude ho s hrdost\u00ed nosit po cel\u00fd spole\u010dn\u00fd \u017eivot.\tChv\u00edle, kdy se hod\u00ed \u0161perkRomantick\u00e1 ve\u010de\u0159e, ho\u0159\u00edc\u00ed sv\u00ed\u010dky, a vy se chyst\u00e1te \u0159\u00edct sv\u00e9 mil\u00e9 n\u011bco, co v\u00e1m ob\u011bma zm\u011bn\u00ed dosavadn\u00ed \u017eivot. Romantick\u00e1 chv\u00edle, kter\u00e1 se neobejde bez vz\u00e1cn\u00e9ho \u0161perku, bez z\u00e1snubn\u00edho prstenu. Najednou jsou slova zbyte\u010dn\u00e1 a romantick\u00e1 chv\u00edle nab\u00edr\u00e1 na s\u00edle. Sen, kter\u00fd se st\u00e1v\u00e1 skute\u010dnost\u00ed a p\u0159ich\u00e1z\u00ed spole\u010dn\u00fd \u017eivot.                                                                                                                                                                                                                                                                                                                                                                                        4.7\/5 - (4 votes)        "},{"@context":"https:\/\/schema.org\/","@type":"BreadcrumbList","itemListElement":[{"@type":"ListItem","position":1,"name":"Kdy\u017e l\u00e1ska na slova nesta\u010d\u00ed","item":"https:\/\/www.marilin.cz\/kdyz-laska-na-slova-nestaci\/#breadcrumbitem"}]}]