[{"@context":"https:\/\/schema.org\/","@type":"Article","@id":"https:\/\/www.marilin.cz\/nabytek-kam-se-vejde-uplne-vsechno\/#Article","mainEntityOfPage":"https:\/\/www.marilin.cz\/nabytek-kam-se-vejde-uplne-vsechno\/","headline":"N\u00e1bytek, kam se vejde \u00fapln\u011b v\u0161echno","name":"N\u00e1bytek, kam se vejde \u00fapln\u011b v\u0161echno","description":"Jist\u011b i v\u00e1m by se l\u00edbilo, kdybyste doma m\u011bli takovou sk\u0159\u00ed\u0148, do kter\u00e9 hrav\u011b schov\u00e1te naprosto v\u0161echno pot\u0159ebn\u00e9, tak\u017ee na n\u011bjak\u00fd nepo\u0159\u00e1dek v byt\u011b m\u016f\u017eete rovnou zapomenout. A stejn\u011b tak by bylo velmi praktick\u00e9, kdyby se do n\u00ed ve\u0161lo \u00fapln\u011b v\u0161echno, co pot\u0159ebujete uklidit, tak\u017ee u\u017e byste si ani \u017e\u00e1dn\u00e9 jin\u00e9 kusy n\u00e1bytku nemuseli po\u0159izovat. [&hellip;]","datePublished":"2020-05-08","dateModified":"2023-05-03","author":{"@type":"Person","@id":"https:\/\/www.marilin.cz\/author\/#Person","name":"","url":"https:\/\/www.marilin.cz\/author\/","identifier":1,"image":{"@type":"ImageObject","@id":"https:\/\/secure.gravatar.com\/avatar\/831abbcc684823965c5caa39ae4561083127c8aedfe9e524c6cecc176998c733?s=96&d=mm&r=g","url":"https:\/\/secure.gravatar.com\/avatar\/831abbcc684823965c5caa39ae4561083127c8aedfe9e524c6cecc176998c733?s=96&d=mm&r=g","height":96,"width":96}},"publisher":{"@type":"Organization","name":"marilin.cz","logo":{"@type":"ImageObject","@id":"\/logo.png","url":"\/logo.png","width":600,"height":60}},"image":{"@type":"ImageObject","@id":"https:\/\/www.marilin.cz\/wp-content\/uploads\/closet-912694_640_2.jpg","url":"https:\/\/www.marilin.cz\/wp-content\/uploads\/closet-912694_640_2.jpg","height":0,"width":0},"url":"https:\/\/www.marilin.cz\/nabytek-kam-se-vejde-uplne-vsechno\/","about":["V\u00fdrobky"],"wordCount":428,"articleBody":"      Jist\u011b i v\u00e1m by se l\u00edbilo, kdybyste doma m\u011bli takovou sk\u0159\u00ed\u0148, do kter\u00e9 hrav\u011b schov\u00e1te naprosto v\u0161echno pot\u0159ebn\u00e9, tak\u017ee na n\u011bjak\u00fd nepo\u0159\u00e1dek v byt\u011b m\u016f\u017eete rovnou zapomenout. A stejn\u011b tak by bylo velmi praktick\u00e9, kdyby se do n\u00ed ve\u0161lo \u00fapln\u011b v\u0161echno, co pot\u0159ebujete uklidit, tak\u017ee u\u017e byste si ani \u017e\u00e1dn\u00e9 jin\u00e9 kusy n\u00e1bytku nemuseli po\u0159izovat. V\u00e1\u0161 byt by tak z\u016fstal vzdu\u0161n\u00fd a p\u0159\u00edjemn\u00fd. Zd\u00e1 se v\u00e1m to nemo\u017en\u00e9? S vestav\u011bnou sk\u0159\u00edn\u00ed na m\u00edru je mo\u017en\u00e9 \u00fapln\u011b v\u0161echno. Takov\u00fd n\u00e1bytek m\u016f\u017ee nakonec nab\u00fdvat mnohem v\u00edce funkc\u00ed, ne\u017e je obvykl\u00e9.To, co od sk\u0159\u00edn\u011b ka\u017ed\u00fd z n\u00e1s p\u0159irozen\u011b o\u010dek\u00e1v\u00e1 je, \u017ee bude slou\u017eit k ukl\u00e1d\u00e1n\u00ed v\u011bc\u00ed.Kdy\u017e si ji nech\u00e1te zhotovit na zak\u00e1zku podle sv\u00fdch p\u0159edstav, jist\u011b to d\u011bl\u00e1te i proto, aby byla takov\u00e1, jakou ji chcete m\u00edt \u2013 aby byla kr\u00e1sn\u00e1 a do va\u0161eho interi\u00e9ru dokonale zapadla. Ano, i takov\u00fd \u00fakol zak\u00e1zkov\u00e1 v\u00fdroba do punt\u00edku spln\u00ed.A to nejen, pokud jde o vn\u011bj\u0161\u00ed podobu, ale tak\u00e9, pokud se bav\u00edme o vnit\u0159n\u00edm uspo\u0159\u00e1d\u00e1n\u00ed.Ov\u0161em je\u0161t\u011b jsou zde dal\u0161\u00ed dosud nezm\u00edn\u011bn\u00e9 mo\u017enosti. Takov\u00fd kus n\u00e1bytku m\u016f\u017ee v prostoru plnit funkci praktick\u00e9 d\u011bl\u00edc\u00ed p\u0159\u00ed\u010dky. Nebo m\u016f\u017ee zakr\u00fdvat n\u011bjak\u00fd nevzhledn\u00fd kout. Anebo umo\u017en\u00ed nov\u00fd zp\u016fsob vyu\u017eit\u00ed jinak t\u011b\u017eko vyu\u017eiteln\u00e9ho m\u00edsta \u2013 t\u0159eba toho v rohu m\u00edstnosti.Zb\u00fdv\u00e1 vy\u0159e\u0161it u\u017e jen to, komu takov\u00fd zodpov\u011bdn\u00fd \u00fakol sv\u011b\u0159\u00edte. A pr\u00e1v\u011b proto, \u017ee na v\u00fdsledku pr\u00e1ce v tomto p\u0159\u00edpad\u011b mnoho z\u00e1le\u017e\u00ed, vyb\u00edrejte zhotovitele pe\u010dliv\u011b. V\u00fdrobce mus\u00ed v ka\u017ed\u00e9m p\u0159\u00edpad\u011b tvo\u0159it z kvalitn\u00edch materi\u00e1l\u016f, pracovat s d\u016frazem na detail, a respektovat v\u0161echna p\u0159\u00e1n\u00ed z\u00e1kazn\u00edka. A v neposledn\u00ed \u0159ad\u011b je nezbytn\u00e9 z\u00edskat v\u00fdrobek za solidn\u00ed cenu \u2013 za takovou, kter\u00e1 odpov\u00edd\u00e1 jeho kvalit\u011b.Lid\u00e9 se \u010dasto domn\u00edvaj\u00ed, \u017ee n\u00e1bytek na zak\u00e1zku je drah\u00fd. To je ov\u0161em velk\u00fd omyl dan\u00fd \u0161patn\u00fdm porovn\u00e1n\u00edm. Kdy\u017e si spo\u010d\u00edt\u00e1te, kolik v\u00e1m vestav\u011bn\u00e1 sk\u0159\u00ed\u0148 doma zajist\u00ed m\u00edsta, jak bude kvalitn\u00ed, a \u017ee bude vypadat tak, jak chcete vy, zjist\u00edte, \u017ee se takov\u00e1 volba vyplat\u00ed!                                                                                                                                                                                                                                                                                                                                                                                          4.2\/5 - (9 votes)        "},{"@context":"https:\/\/schema.org\/","@type":"BreadcrumbList","itemListElement":[{"@type":"ListItem","position":1,"name":"N\u00e1bytek, kam se vejde \u00fapln\u011b v\u0161echno","item":"https:\/\/www.marilin.cz\/nabytek-kam-se-vejde-uplne-vsechno\/#breadcrumbitem"}]}]