[{"@context":"https:\/\/schema.org\/","@type":"Article","@id":"https:\/\/www.marilin.cz\/okrasne-zabradli\/#Article","mainEntityOfPage":"https:\/\/www.marilin.cz\/okrasne-zabradli\/","headline":"Okrasn\u00e9 z\u00e1bradl\u00ed","name":"Okrasn\u00e9 z\u00e1bradl\u00ed","description":"Z\u00e1bradl\u00ed na schodi\u0161t\u011b Fa-havlicek.cz je podle m\u011b velmi v\u00fdhodn\u00e9. A to jak kv\u016fli bezpe\u010dnosti, tak i kv\u016fli designu. M\u011b se z\u00e1bradl\u00ed moc l\u00edb\u00ed, proto\u017ee se na n\u011bj m\u016f\u017ee d\u00e1t vlastn\u011b cokoliv. J\u00e1 m\u00e1m doma v prvn\u00edm pat\u0159e kovov\u00e9 z\u00e1bradl\u00ed, p\u0159ipom\u00ednaj\u00edc\u00ed takov\u00fd barokn\u00ed styl. Kr\u00e1sn\u00e9 a designov\u00e9 z\u00e1bradl\u00ed jsem si v\u017edy moc p\u0159\u00e1la. A tak ho [&hellip;]","datePublished":"2022-02-15","dateModified":"2023-05-03","author":{"@type":"Person","@id":"https:\/\/www.marilin.cz\/author\/#Person","name":"","url":"https:\/\/www.marilin.cz\/author\/","identifier":1,"image":{"@type":"ImageObject","@id":"https:\/\/secure.gravatar.com\/avatar\/831abbcc684823965c5caa39ae4561083127c8aedfe9e524c6cecc176998c733?s=96&d=mm&r=g","url":"https:\/\/secure.gravatar.com\/avatar\/831abbcc684823965c5caa39ae4561083127c8aedfe9e524c6cecc176998c733?s=96&d=mm&r=g","height":96,"width":96}},"publisher":{"@type":"Organization","name":"marilin.cz","logo":{"@type":"ImageObject","@id":"\/logo.png","url":"\/logo.png","width":600,"height":60}},"image":{"@type":"ImageObject","@id":"https:\/\/www.marilin.cz\/wp-content\/uploads\/z%C3%A1bradl%C3%AD%20na%20schodi%C5%A1t%C4%9B_2.jpg","url":"https:\/\/www.marilin.cz\/wp-content\/uploads\/z%C3%A1bradl%C3%AD%20na%20schodi%C5%A1t%C4%9B_2.jpg","height":0,"width":0},"url":"https:\/\/www.marilin.cz\/okrasne-zabradli\/","about":["V\u00fdrobky"],"wordCount":482,"articleBody":"    Z\u00e1bradl\u00ed na schodi\u0161t\u011b Fa-havlicek.cz je podle m\u011b velmi v\u00fdhodn\u00e9. A to jak kv\u016fli bezpe\u010dnosti, tak i kv\u016fli designu. M\u011b se z\u00e1bradl\u00ed moc l\u00edb\u00ed, proto\u017ee se na n\u011bj m\u016f\u017ee d\u00e1t vlastn\u011b cokoliv. J\u00e1 m\u00e1m doma v prvn\u00edm pat\u0159e kovov\u00e9 z\u00e1bradl\u00ed, p\u0159ipom\u00ednaj\u00edc\u00ed takov\u00fd barokn\u00ed styl. Kr\u00e1sn\u00e9 a designov\u00e9 z\u00e1bradl\u00ed jsem si v\u017edy moc p\u0159\u00e1la. A tak ho m\u00e1m ud\u011blan\u00e9 na zak\u00e1zku. Sice m\u011b st\u00e1lo t\u0159ikr\u00e1t v\u00edce ne\u017e oby\u010dejn\u00e9 plastov\u00e9 z\u00e1bradl\u00ed, ale jsem velmi spokojen\u00e1. L\u00edb\u00ed se mi a kdy\u017e to tak vezmu, tak mi vydr\u017e\u00ed vlastn\u011b na cel\u00fd \u017eivot. Takov\u00e9 mohutn\u00e9 z\u00e1bradl\u00ed se jen tak nezni\u010d\u00ed. Taky se mi na n\u011bm l\u00edb\u00ed, \u017ee na n\u011bj m\u016f\u017eu d\u00e1t i v\u011bt\u0161\u00ed a t\u011b\u017e\u0161\u00ed v\u011bci. M\u00e1m toti\u017e moc r\u00e1da kv\u011btiny. A hlavn\u011b palmy a \u010d\u00edm v\u011bt\u0161\u00ed, tak t\u00edm lep\u0161\u00ed. L\u00edb\u00ed se mi hlavn\u011b juky. Ty m\u00e1m doma hned t\u0159i. A v\u00edte, kde je m\u00e1m? Ano, kr\u00e1sn\u011b mi lemuj\u00ed ozdobn\u00e9 schodi\u0161t\u011b, na kter\u00e9 jsem moc py\u0161n\u00e1. L\u00edb\u00ed se mi taky, \u017ee se moje babi\u010dka ho m\u016f\u017ee v klidu chytit a l\u00e9pe pak vyleze do prvn\u00edho patra, co\u017e oce\u0148uji. A pr\u00e1v\u011b babi\u010dka vlastn\u011b byla t\u00edm hlavn\u00edm d\u016fvodem. D\u0159\u00edve jsem byla \u00fapln\u011b bez z\u00e1bradl\u00ed. Ale kdy\u017e babi\u010dka \u0161patn\u011b chodila, tak z\u00e1bradl\u00ed bylo na prvn\u00edm m\u00edst\u011b. A jsem za to moc vd\u011b\u010dn\u00e1. Z\u00e1bradl\u00ed m\u00e1m ji\u017e ud\u011blan\u00e9 i venku u vchodu na schodech, a i na zahrad\u011b, kde teda pln\u00ed hlavn\u011b funkci designovou a pro pot\u011bchu oka. Na zahradn\u00edm z\u00e1bradl\u00ed se mi plaz\u00ed plaziv\u00e9 kv\u011btiny a p\u016fsob\u00ed to velmi okrasn\u011b. A jsem r\u00e1da, \u017ee se to l\u00edb\u00ed i m\u00e9mu partnerovi, kter\u00fd d\u0159\u00edve byl proti zahradn\u00edmu z\u00e1bradl\u00ed. Nav\u00edc tam se kr\u00e1sn\u011b v\u011bs\u00ed konve na zal\u00e9v\u00e1n\u00ed kv\u011btin, co\u017e je i velmi praktick\u00e9.Mysl\u00edm, \u017ee z\u00e1bradl\u00ed je vhodn\u00e9 i pro lidi, kte\u0159\u00ed maj\u00ed mal\u00e9 d\u011bti. Je jasn\u00e9, \u017ee kvalitn\u00ed a pevn\u00e9 z\u00e1bradl\u00ed zabr\u00e1n\u00ed p\u00e1du d\u00edt\u011bte nebo i dosp\u011bl\u00e9mu. Sta\u010d\u00ed, aby se \u010dlov\u011bku zamotala hlava a m\u016f\u017ee spadnout. V takov\u00e9m p\u0159\u00edpad\u011b je prima, kdy\u017e se m\u00e1 \u010dlov\u011bk n\u011b\u010deho chytit. M\u011b se takov\u00e1 nehoda zat\u00edm je\u0161t\u011b nikdy nestala a snad i nestane, ale \u010dlov\u011bk nikdy nev\u00ed, co mu \u017eivot p\u0159inese. Moment\u00e1ln\u011b pl\u00e1nuji i z\u00e1bradl\u00ed nov\u00e9, a to k balkonu. Tak by se na n\u011bm kr\u00e1sn\u011b vyj\u00edmaly kv\u011btiny. V\u00edce informac\u00ed naleznete zde na n\u00e1\u0161 web.                                                                                                                                                                                                                                                                                                                                                                                         4.4\/5 - (9 votes)        "},{"@context":"https:\/\/schema.org\/","@type":"BreadcrumbList","itemListElement":[{"@type":"ListItem","position":1,"name":"Okrasn\u00e9 z\u00e1bradl\u00ed","item":"https:\/\/www.marilin.cz\/okrasne-zabradli\/#breadcrumbitem"}]}]