[{"@context":"https:\/\/schema.org\/","@type":"Article","@id":"https:\/\/www.marilin.cz\/podivny-zapach\/#Article","mainEntityOfPage":"https:\/\/www.marilin.cz\/podivny-zapach\/","headline":"Podivn\u00fd z\u00e1pach","name":"Podivn\u00fd z\u00e1pach","description":"V\u017edycky, kdy\u017e jste si se sv\u00fdm man\u017eelem n\u011bkam vyjeli vlastn\u00edm automobilem, tak jste m\u011bla pocit jako by v\u00a0tom aut\u011b n\u011bco p\u00e1chlo. A p\u0159itom v\u00a0jin\u00fdch automobilech jste takov\u00fd z\u00e1pach nec\u00edtila. A bylo to v\u017edy t\u00edm siln\u011bj\u0161\u00ed, v\u00a0o kolik hust\u0161\u00edm provozu jste se pohybovali. Ov\u0161em v\u017edycky, kdy\u017e jste se se sv\u00fdm pocitem sv\u011b\u0159ila man\u017eelovi, tak on se [&hellip;]","datePublished":"2024-11-02","dateModified":"2024-11-02","author":{"@type":"Person","@id":"https:\/\/www.marilin.cz\/author\/#Person","name":"","url":"https:\/\/www.marilin.cz\/author\/","identifier":1,"image":{"@type":"ImageObject","@id":"https:\/\/secure.gravatar.com\/avatar\/831abbcc684823965c5caa39ae4561083127c8aedfe9e524c6cecc176998c733?s=96&d=mm&r=g","url":"https:\/\/secure.gravatar.com\/avatar\/831abbcc684823965c5caa39ae4561083127c8aedfe9e524c6cecc176998c733?s=96&d=mm&r=g","height":96,"width":96}},"publisher":{"@type":"Organization","name":"marilin.cz","logo":{"@type":"ImageObject","@id":"\/logo.png","url":"\/logo.png","width":600,"height":60}},"url":"https:\/\/www.marilin.cz\/podivny-zapach\/","wordCount":264,"articleBody":"\tV\u017edycky, kdy\u017e jste si se sv\u00fdm man\u017eelem n\u011bkam vyjeli vlastn\u00edm automobilem, tak jste m\u011bla pocit jako by v\u00a0tom aut\u011b n\u011bco p\u00e1chlo. A p\u0159itom v\u00a0jin\u00fdch automobilech jste takov\u00fd z\u00e1pach nec\u00edtila. A bylo to v\u017edy t\u00edm siln\u011bj\u0161\u00ed, v\u00a0o kolik hust\u0161\u00edm provozu jste se pohybovali. Ov\u0161em v\u017edycky, kdy\u017e jste se se sv\u00fdm pocitem sv\u011b\u0159ila man\u017eelovi, tak on se tv\u00e1\u0159il, \u017ee je to pouze va\u0161e vlastn\u00ed domn\u011bnka a \u017ee on nic neobvykl\u00e9ho nec\u00edt\u00ed. Jen\u017ee v\u00e1m se to st\u00e1le nezd\u00e1lo a \u0159\u00edkala jste si, \u017ee necitlivost va\u0161eho man\u017eela k\u00a0tomuto z\u00e1pachu m\u016f\u017ee b\u00fdt d\u00e1na t\u0159eba t\u00edm, \u017ee on s\u00a0\u017e\u00e1dn\u00fdm jin\u00fdm autem nejezd\u00ed, kde\u017eto vy ano, a proto m\u016f\u017eete srovn\u00e1vat.\tJednoduch\u00e1 v\u00fdm\u011bnaNicm\u00e9n\u011b rozhodla jste se cel\u00e9 v\u011bci p\u0159ij\u00edt na kloub, a p\u0159edev\u0161\u00edm ten nep\u0159\u00edjemn\u00fd z\u00e1pach vy\u0159e\u0161it, tak\u017ee jste se obr\u00e1tila na va\u0161eho zn\u00e1m\u00e9ho automechanika, o kter\u00e9m jste si myslela, \u017ee by v\u00e1m mohl celou situaci objasnit. A skute\u010dn\u011b se tak stalo, v\u00e1\u0161 zn\u00e1m\u00fd toti\u017e ihned vyj\u00e1d\u0159il domn\u011bnku, \u017ee by to mohlo b\u00fdt t\u00edm, \u017ee v\u00e1\u0161 kabinov\u00fd filtr je u\u017e p\u0159\u00edli\u0161 star\u00fd \u010di zanesen\u00fd. A byla to pravda, jakmile jste ho vym\u011bnili, tak se najednou klima ve va\u0161em aut\u011b zm\u011bnilo k\u00a0lep\u0161\u00edmu.                                                                                                                                                                                                                                                                                                                                                                                                "},{"@context":"https:\/\/schema.org\/","@type":"BreadcrumbList","itemListElement":[{"@type":"ListItem","position":1,"name":"Podivn\u00fd z\u00e1pach","item":"https:\/\/www.marilin.cz\/podivny-zapach\/#breadcrumbitem"}]}]