[{"@context":"https:\/\/schema.org\/","@type":"Article","@id":"https:\/\/www.marilin.cz\/stroj-ridicem\/#Article","mainEntityOfPage":"https:\/\/www.marilin.cz\/stroj-ridicem\/","headline":"Stroj \u0159idi\u010dem","name":"Stroj \u0159idi\u010dem","description":"Mnoz\u00ed z\u00a0n\u00e1s si pamatuj\u00ed doby, kdy se auta bez \u0159idi\u010de proh\u00e1n\u011bla jen na pl\u00e1tnech kin \u010di v\u00a0na\u0161\u00ed p\u0159edstavivosti. Od t\u00e9hle doby se ale m\u00edlov\u00fdmi kroky vzdalujeme. N\u011bkter\u00e9 automobilov\u00e9 firmy se ji\u017e n\u011bkolik let py\u0161n\u00ed pokusy zprovoznit auto, kter\u00e9 by dok\u00e1zalo \u0159\u00eddit bez \u0159idi\u010de a nutno dodat, \u017ee se jim to docela da\u0159\u00ed. Autonomn\u00ed, samo\u0159\u00edd\u00edc\u00ed \u2013 [&hellip;]","datePublished":"2019-10-10","dateModified":"2023-05-03","author":{"@type":"Person","@id":"https:\/\/www.marilin.cz\/author\/#Person","name":"","url":"https:\/\/www.marilin.cz\/author\/","identifier":1,"image":{"@type":"ImageObject","@id":"https:\/\/secure.gravatar.com\/avatar\/831abbcc684823965c5caa39ae4561083127c8aedfe9e524c6cecc176998c733?s=96&d=mm&r=g","url":"https:\/\/secure.gravatar.com\/avatar\/831abbcc684823965c5caa39ae4561083127c8aedfe9e524c6cecc176998c733?s=96&d=mm&r=g","height":96,"width":96}},"publisher":{"@type":"Organization","name":"marilin.cz","logo":{"@type":"ImageObject","@id":"\/logo.png","url":"\/logo.png","width":600,"height":60}},"image":{"@type":"ImageObject","@id":"https:\/\/www.marilin.cz\/wp-content\/uploads\/img_a357888_w3761_t1572261096.jpg","url":"https:\/\/www.marilin.cz\/wp-content\/uploads\/img_a357888_w3761_t1572261096.jpg","height":0,"width":0},"url":"https:\/\/www.marilin.cz\/stroj-ridicem\/","about":["Auto"],"wordCount":407,"articleBody":"Mnoz\u00ed z\u00a0n\u00e1s si pamatuj\u00ed doby, kdy se auta bez \u0159idi\u010de proh\u00e1n\u011bla jen na pl\u00e1tnech kin \u010di v\u00a0na\u0161\u00ed p\u0159edstavivosti. Od t\u00e9hle doby se ale m\u00edlov\u00fdmi kroky vzdalujeme. N\u011bkter\u00e9 automobilov\u00e9 firmy se ji\u017e n\u011bkolik let py\u0161n\u00ed pokusy zprovoznit auto, kter\u00e9 by dok\u00e1zalo \u0159\u00eddit bez \u0159idi\u010de a nutno dodat, \u017ee se jim to docela da\u0159\u00ed. Autonomn\u00ed, samo\u0159\u00edd\u00edc\u00ed \u2013 a\u0165 u\u017e mu \u0159\u00edk\u00e1te jakkoliv, mo\u017en\u00e1 ho u\u017e brzy budete m\u00edt doma!Jedn\u00edm z\u00a0nejv\u011bt\u0161\u00edch pr\u016fkopn\u00edk\u016f na poli samo\u0159\u00edd\u00edc\u00edch aut je Elon Musk se svoj\u00ed firmou Tesla. Tento zn\u00e1m\u00fd vyn\u00e1lezce vkl\u00e1d\u00e1 do t\u00e9to technologie velk\u00e9 nad\u011bje ji\u017e n\u011bkolik let. Jeho prvn\u00ed pokusy s\u00a0tou technologi\u00ed se daj\u00ed datovat a\u017e k\u00a0roku 2014, p\u0159i\u010dem\u017e o mo\u017enosti jej\u00edho vyu\u017eit\u00ed promluvil na konferenci ji\u017e rok p\u0159edt\u00edm. P\u0159i\u0161lo mu to jako p\u0159irozen\u00fd krok. \u201eM\u00e1me autopilot v\u00a0letadlech, pro\u010d ne v\u00a0autech?\u201c \u0159ekl.Ani k\u00a0dne\u0161n\u00edmu datu nen\u00ed samo\u0159\u00edd\u00edc\u00ed syst\u00e9m dokonal\u00fd. Elon Musk sice slibuje, \u017ee do roku 2020 uvede na trh pln\u011b funk\u010dn\u00ed syst\u00e9m, kter\u00fd nebude k\u00a0ni\u010demu pot\u0159ebovat lidsk\u00e9ho \u0159idi\u010de, ale prozat\u00edm m\u00e1 autopilot st\u00e1le probl\u00e9m s\u00a0pohybem po ru\u0161n\u00fdch m\u011bstech a nap\u0159\u00edklad i s\u00a0parkov\u00e1n\u00edm. Musk je ale optimistick\u00fd. Podle n\u011bj si budeme moci p\u0159\u00ed\u0161t\u00ed rok za volantem klidn\u011b zd\u0159\u00edmnout a vozidlo u\u017e v\u0161e obstar\u00e1 za n\u00e1s.Nad\u0161en\u00ed z\u00a0autopilota zchladila nehoda, kter\u00e1 se stala v\u00a0b\u0159eznu tohoto roku. Beren Banner jel se sv\u00fdm vozem Tesla 3 zapnut\u00fdm na autopilota po floridsk\u00e9 silnici a narazil do boku n\u00e1kladn\u00edho vozu. Podle policie on ani auto neprovedli \u017e\u00e1dn\u00fd pokus o \u00fahybn\u00fd man\u00e9vr \u2013 syst\u00e9m zkr\u00e1tka a jednodu\u0161e n\u00e1kladn\u00ed v\u016fz nezaregistroval. Mu\u017e na m\u00edst\u011b zem\u0159el. Stal se tak \u010dtvrtou ob\u011bt\u00ed nehody, kter\u00e1 byla zp\u016fsobena za provozu autonomn\u00edho \u0159\u00edzen\u00ed.Tato technologie zkr\u00e1tka je\u0161t\u011b nen\u00ed dostate\u010dn\u011b p\u0159ipraven\u00e1 na to, abychom ji vypustili do b\u011b\u017en\u00e9ho provozu. Nen\u00ed na n\u00ed stoprocentn\u00ed spoleh, a cena aut se pohybuje v\u00a0\u0159\u00e1dech mili\u00f3n\u016f. U\u017e te\u010f ale sn\u00edlci b\u00e1sn\u00ed o samo\u0159\u00edd\u00edc\u00edch tax\u00edc\u00edch, kamionech \u010di dokonce autobusech.                                                                                                                                                                                                                                                                                                                                                                                        3.7\/5 - (7 votes)        "},{"@context":"https:\/\/schema.org\/","@type":"BreadcrumbList","itemListElement":[{"@type":"ListItem","position":1,"name":"Stroj \u0159idi\u010dem","item":"https:\/\/www.marilin.cz\/stroj-ridicem\/#breadcrumbitem"}]}]