{"@context":"https:\/\/schema.org\/","@type":"CollectionPage","@id":"https:\/\/www.marilin.cz\/vyrobky\/#CollectionPage","headline":"V\u00fdrobky Category","description":"","url":"https:\/\/www.marilin.cz\/vyrobky\/","hasPart":[{"@type":"Article","@id":"https:\/\/www.marilin.cz\/upravte-si-obleceni-na-miru-suchym-zipem\/","headline":"Upravte si oble\u010den\u00ed na m\u00edru such\u00fdm zipem","url":"https:\/\/www.marilin.cz\/upravte-si-obleceni-na-miru-suchym-zipem\/","datePublished":"2022-04-26","dateModified":"2023-05-03","mainEntityOfPage":"https:\/\/www.marilin.cz\/upravte-si-obleceni-na-miru-suchym-zipem\/","author":{"@type":"Person","@id":"https:\/\/www.marilin.cz\/author\/#Person","name":"","url":"https:\/\/www.marilin.cz\/author\/","identifier":1,"image":{"@type":"ImageObject","@id":"https:\/\/secure.gravatar.com\/avatar\/831abbcc684823965c5caa39ae4561083127c8aedfe9e524c6cecc176998c733?s=96&d=mm&r=g","url":"https:\/\/secure.gravatar.com\/avatar\/831abbcc684823965c5caa39ae4561083127c8aedfe9e524c6cecc176998c733?s=96&d=mm&r=g","height":96,"width":96}},"publisher":{"@type":"Organization","name":"marilin.cz","logo":{"@type":"ImageObject","@id":"\/logo.png","url":"\/logo.png","width":600,"height":60}},"image":{"@type":"ImageObject","@id":"https:\/\/www.marilin.cz\/wp-content\/uploads\/clove-root-3552606_640.jpg","url":"https:\/\/www.marilin.cz\/wp-content\/uploads\/clove-root-3552606_640.jpg","height":0,"width":0},"keywords":null},{"@type":"Article","@id":"https:\/\/www.marilin.cz\/vysavac-do-bazenu-muze-mit-mnoho-podob\/","headline":"Vysava\u010d do baz\u00e9nu m\u016f\u017ee m\u00edt mnoho podob","url":"https:\/\/www.marilin.cz\/vysavac-do-bazenu-muze-mit-mnoho-podob\/","datePublished":"2022-03-28","dateModified":"2023-05-03","mainEntityOfPage":"https:\/\/www.marilin.cz\/vysavac-do-bazenu-muze-mit-mnoho-podob\/","author":{"@type":"Person","@id":"https:\/\/www.marilin.cz\/author\/#Person","name":"","url":"https:\/\/www.marilin.cz\/author\/","identifier":1,"image":{"@type":"ImageObject","@id":"https:\/\/secure.gravatar.com\/avatar\/831abbcc684823965c5caa39ae4561083127c8aedfe9e524c6cecc176998c733?s=96&d=mm&r=g","url":"https:\/\/secure.gravatar.com\/avatar\/831abbcc684823965c5caa39ae4561083127c8aedfe9e524c6cecc176998c733?s=96&d=mm&r=g","height":96,"width":96}},"publisher":{"@type":"Organization","name":"marilin.cz","logo":{"@type":"ImageObject","@id":"\/logo.png","url":"\/logo.png","width":600,"height":60}},"image":{"@type":"ImageObject","@id":"https:\/\/www.marilin.cz\/wp-content\/uploads\/sunglasses-1850648_640_2.jpg","url":"https:\/\/www.marilin.cz\/wp-content\/uploads\/sunglasses-1850648_640_2.jpg","height":0,"width":0},"keywords":null},{"@type":"Article","@id":"https:\/\/www.marilin.cz\/sacky-na-zip-lze-opatrit-v-mnoha-ruznych-velikostech\/","headline":"S\u00e1\u010dky na zip lze opat\u0159it v mnoha r\u016fzn\u00fdch velikostech","url":"https:\/\/www.marilin.cz\/sacky-na-zip-lze-opatrit-v-mnoha-ruznych-velikostech\/","datePublished":"2022-03-28","dateModified":"2023-05-03","mainEntityOfPage":"https:\/\/www.marilin.cz\/sacky-na-zip-lze-opatrit-v-mnoha-ruznych-velikostech\/","author":{"@type":"Person","@id":"https:\/\/www.marilin.cz\/author\/#Person","name":"","url":"https:\/\/www.marilin.cz\/author\/","identifier":1,"image":{"@type":"ImageObject","@id":"https:\/\/secure.gravatar.com\/avatar\/831abbcc684823965c5caa39ae4561083127c8aedfe9e524c6cecc176998c733?s=96&d=mm&r=g","url":"https:\/\/secure.gravatar.com\/avatar\/831abbcc684823965c5caa39ae4561083127c8aedfe9e524c6cecc176998c733?s=96&d=mm&r=g","height":96,"width":96}},"publisher":{"@type":"Organization","name":"marilin.cz","logo":{"@type":"ImageObject","@id":"\/logo.png","url":"\/logo.png","width":600,"height":60}},"image":{"@type":"ImageObject","@id":"https:\/\/www.marilin.cz\/wp-content\/uploads\/screws-3078680_640.jpg","url":"https:\/\/www.marilin.cz\/wp-content\/uploads\/screws-3078680_640.jpg","height":0,"width":0},"keywords":null},{"@type":"Article","@id":"https:\/\/www.marilin.cz\/okrasne-zabradli\/","headline":"Okrasn\u00e9 z\u00e1bradl\u00ed","url":"https:\/\/www.marilin.cz\/okrasne-zabradli\/","datePublished":"2022-02-15","dateModified":"2023-05-03","mainEntityOfPage":"https:\/\/www.marilin.cz\/okrasne-zabradli\/","author":{"@type":"Person","@id":"https:\/\/www.marilin.cz\/author\/#Person","name":"","url":"https:\/\/www.marilin.cz\/author\/","identifier":1,"image":{"@type":"ImageObject","@id":"https:\/\/secure.gravatar.com\/avatar\/831abbcc684823965c5caa39ae4561083127c8aedfe9e524c6cecc176998c733?s=96&d=mm&r=g","url":"https:\/\/secure.gravatar.com\/avatar\/831abbcc684823965c5caa39ae4561083127c8aedfe9e524c6cecc176998c733?s=96&d=mm&r=g","height":96,"width":96}},"publisher":{"@type":"Organization","name":"marilin.cz","logo":{"@type":"ImageObject","@id":"\/logo.png","url":"\/logo.png","width":600,"height":60}},"image":{"@type":"ImageObject","@id":"https:\/\/www.marilin.cz\/wp-content\/uploads\/z%C3%A1bradl%C3%AD%20na%20schodi%C5%A1t%C4%9B_2.jpg","url":"https:\/\/www.marilin.cz\/wp-content\/uploads\/z%C3%A1bradl%C3%AD%20na%20schodi%C5%A1t%C4%9B_2.jpg","height":0,"width":0},"keywords":null},{"@type":"Article","@id":"https:\/\/www.marilin.cz\/jsou-lepsi-sanky-nebo-boby\/","headline":"Jsou lep\u0161\u00ed s\u00e1\u0148ky nebo boby?","url":"https:\/\/www.marilin.cz\/jsou-lepsi-sanky-nebo-boby\/","datePublished":"2022-01-27","dateModified":"2023-05-03","mainEntityOfPage":"https:\/\/www.marilin.cz\/jsou-lepsi-sanky-nebo-boby\/","author":{"@type":"Person","@id":"https:\/\/www.marilin.cz\/author\/#Person","name":"","url":"https:\/\/www.marilin.cz\/author\/","identifier":1,"image":{"@type":"ImageObject","@id":"https:\/\/secure.gravatar.com\/avatar\/831abbcc684823965c5caa39ae4561083127c8aedfe9e524c6cecc176998c733?s=96&d=mm&r=g","url":"https:\/\/secure.gravatar.com\/avatar\/831abbcc684823965c5caa39ae4561083127c8aedfe9e524c6cecc176998c733?s=96&d=mm&r=g","height":96,"width":96}},"publisher":{"@type":"Organization","name":"marilin.cz","logo":{"@type":"ImageObject","@id":"\/logo.png","url":"\/logo.png","width":600,"height":60}},"image":{"@type":"ImageObject","@id":"https:\/\/www.marilin.cz\/wp-content\/uploads\/holcicka_na_sanic_Jp0ajC.jpg","url":"https:\/\/www.marilin.cz\/wp-content\/uploads\/holcicka_na_sanic_Jp0ajC.jpg","height":0,"width":0},"keywords":null},{"@type":"Article","@id":"https:\/\/www.marilin.cz\/kvalitni-cerne-kozene-kabelky-pres-rameno\/","headline":"Kvalitn\u00ed \u010dern\u00e9 ko\u017een\u00e9 kabelky p\u0159es rameno","url":"https:\/\/www.marilin.cz\/kvalitni-cerne-kozene-kabelky-pres-rameno\/","datePublished":"2022-01-16","dateModified":"2023-05-03","mainEntityOfPage":"https:\/\/www.marilin.cz\/kvalitni-cerne-kozene-kabelky-pres-rameno\/","author":{"@type":"Person","@id":"https:\/\/www.marilin.cz\/author\/#Person","name":"","url":"https:\/\/www.marilin.cz\/author\/","identifier":1,"image":{"@type":"ImageObject","@id":"https:\/\/secure.gravatar.com\/avatar\/831abbcc684823965c5caa39ae4561083127c8aedfe9e524c6cecc176998c733?s=96&d=mm&r=g","url":"https:\/\/secure.gravatar.com\/avatar\/831abbcc684823965c5caa39ae4561083127c8aedfe9e524c6cecc176998c733?s=96&d=mm&r=g","height":96,"width":96}},"publisher":{"@type":"Organization","name":"marilin.cz","logo":{"@type":"ImageObject","@id":"\/logo.png","url":"\/logo.png","width":600,"height":60}},"image":{"@type":"ImageObject","@id":"https:\/\/www.marilin.cz\/wp-content\/uploads\/kab.png","url":"https:\/\/www.marilin.cz\/wp-content\/uploads\/kab.png","height":0,"width":0},"keywords":null},{"@type":"Article","@id":"https:\/\/www.marilin.cz\/kde-na-vysocine-postavit-drevostavbu-na-klic\/","headline":"Kde na Vyso\u010din\u011b postavit d\u0159evostavbu na kl\u00ed\u010d","url":"https:\/\/www.marilin.cz\/kde-na-vysocine-postavit-drevostavbu-na-klic\/","datePublished":"2021-05-22","dateModified":"2023-05-03","mainEntityOfPage":"https:\/\/www.marilin.cz\/kde-na-vysocine-postavit-drevostavbu-na-klic\/","author":{"@type":"Person","@id":"https:\/\/www.marilin.cz\/author\/#Person","name":"","url":"https:\/\/www.marilin.cz\/author\/","identifier":1,"image":{"@type":"ImageObject","@id":"https:\/\/secure.gravatar.com\/avatar\/831abbcc684823965c5caa39ae4561083127c8aedfe9e524c6cecc176998c733?s=96&d=mm&r=g","url":"https:\/\/secure.gravatar.com\/avatar\/831abbcc684823965c5caa39ae4561083127c8aedfe9e524c6cecc176998c733?s=96&d=mm&r=g","height":96,"width":96}},"publisher":{"@type":"Organization","name":"marilin.cz","logo":{"@type":"ImageObject","@id":"\/logo.png","url":"\/logo.png","width":600,"height":60}},"image":{"@type":"ImageObject","@id":"https:\/\/www.marilin.cz\/wp-content\/uploads\/z%C3%A1mek%20v%20Tel%C4%8Di.jpg","url":"https:\/\/www.marilin.cz\/wp-content\/uploads\/z%C3%A1mek%20v%20Tel%C4%8Di.jpg","height":0,"width":0},"keywords":null},{"@type":"Article","@id":"https:\/\/www.marilin.cz\/zdrava-fitness-strava\/","headline":"Zdrav\u00e1 fitness strava","url":"https:\/\/www.marilin.cz\/zdrava-fitness-strava\/","datePublished":"2021-02-16","dateModified":"2023-08-17","mainEntityOfPage":"https:\/\/www.marilin.cz\/zdrava-fitness-strava\/","author":{"@type":"Person","@id":"https:\/\/www.marilin.cz\/author\/#Person","name":"","url":"https:\/\/www.marilin.cz\/author\/","identifier":1,"image":{"@type":"ImageObject","@id":"https:\/\/secure.gravatar.com\/avatar\/831abbcc684823965c5caa39ae4561083127c8aedfe9e524c6cecc176998c733?s=96&d=mm&r=g","url":"https:\/\/secure.gravatar.com\/avatar\/831abbcc684823965c5caa39ae4561083127c8aedfe9e524c6cecc176998c733?s=96&d=mm&r=g","height":96,"width":96}},"publisher":{"@type":"Organization","name":"marilin.cz","logo":{"@type":"ImageObject","@id":"\/logo.png","url":"\/logo.png","width":600,"height":60}},"image":{"@type":"ImageObject","@id":"https:\/\/www.marilin.cz\/wp-content\/uploads\/b%C5%99i%C5%A1n%C3%AD%20svaly.png","url":"https:\/\/www.marilin.cz\/wp-content\/uploads\/b%C5%99i%C5%A1n%C3%AD%20svaly.png","height":0,"width":0},"keywords":null},{"@type":"Article","@id":"https:\/\/www.marilin.cz\/pohodli-na-prvnim-miste\/","headline":"Pohodl\u00ed na prvn\u00edm m\u00edst\u011b","url":"https:\/\/www.marilin.cz\/pohodli-na-prvnim-miste\/","datePublished":"2020-12-25","dateModified":"2023-05-03","mainEntityOfPage":"https:\/\/www.marilin.cz\/pohodli-na-prvnim-miste\/","author":{"@type":"Person","@id":"https:\/\/www.marilin.cz\/author\/#Person","name":"","url":"https:\/\/www.marilin.cz\/author\/","identifier":1,"image":{"@type":"ImageObject","@id":"https:\/\/secure.gravatar.com\/avatar\/831abbcc684823965c5caa39ae4561083127c8aedfe9e524c6cecc176998c733?s=96&d=mm&r=g","url":"https:\/\/secure.gravatar.com\/avatar\/831abbcc684823965c5caa39ae4561083127c8aedfe9e524c6cecc176998c733?s=96&d=mm&r=g","height":96,"width":96}},"publisher":{"@type":"Organization","name":"marilin.cz","logo":{"@type":"ImageObject","@id":"\/logo.png","url":"\/logo.png","width":600,"height":60}},"image":{"@type":"ImageObject","@id":"https:\/\/www.marilin.cz\/wp-content\/uploads\/fad%C3%ADme%20fotbalu.jpg","url":"https:\/\/www.marilin.cz\/wp-content\/uploads\/fad%C3%ADme%20fotbalu.jpg","height":0,"width":0},"keywords":null},{"@type":"Article","@id":"https:\/\/www.marilin.cz\/co-ocekavat-od-podlozky-na-jogu-s-obalem\/","headline":"Co o\u010dek\u00e1vat od podlo\u017eky na j\u00f3gu s obalem","url":"https:\/\/www.marilin.cz\/co-ocekavat-od-podlozky-na-jogu-s-obalem\/","datePublished":"2020-11-04","dateModified":"2023-11-06","mainEntityOfPage":"https:\/\/www.marilin.cz\/co-ocekavat-od-podlozky-na-jogu-s-obalem\/","author":{"@type":"Person","@id":"https:\/\/www.marilin.cz\/author\/#Person","name":"","url":"https:\/\/www.marilin.cz\/author\/","identifier":1,"image":{"@type":"ImageObject","@id":"https:\/\/secure.gravatar.com\/avatar\/831abbcc684823965c5caa39ae4561083127c8aedfe9e524c6cecc176998c733?s=96&d=mm&r=g","url":"https:\/\/secure.gravatar.com\/avatar\/831abbcc684823965c5caa39ae4561083127c8aedfe9e524c6cecc176998c733?s=96&d=mm&r=g","height":96,"width":96}},"publisher":{"@type":"Organization","name":"marilin.cz","logo":{"@type":"ImageObject","@id":"\/logo.png","url":"\/logo.png","width":600,"height":60}},"image":{"@type":"ImageObject","@id":"https:\/\/www.marilin.cz\/wp-content\/uploads\/cvi%C4%8Den%C3%AD%20na%20podlo%C5%BEce_2.jpg","url":"https:\/\/www.marilin.cz\/wp-content\/uploads\/cvi%C4%8Den%C3%AD%20na%20podlo%C5%BEce_2.jpg","height":0,"width":0},"keywords":null}]}