[{"@context":"https:\/\/schema.org\/","@type":"Article","@id":"https:\/\/www.marilin.cz\/zenske-archetypy\/#Article","mainEntityOfPage":"https:\/\/www.marilin.cz\/zenske-archetypy\/","headline":"\u017densk\u00e9 archetypy","name":"\u017densk\u00e9 archetypy","description":"Pokud zn\u00e1te J. C. Junga, ur\u010dit\u011b zn\u00e1te jeho ur\u010den\u00ed o archetypech, mo\u017en\u00e1 jste se nejednou zam\u00fd\u0161leli nad mu\u017esk\u00fdmi a \u017eensk\u00fdmi archetypy. Inspiraci najdeme i v\u00a0d\u00e1vn\u00e9 historii. Celou \u0159adu \u017eensk\u00fdch archetyp\u016f najdeme v\u00a0antick\u00e9 mytologii nebo naopak v\u00a0biblick\u00fdch p\u0159\u00edb\u011bz\u00edch. Ka\u017ed\u00fd zn\u00e1me moudrou Ath\u00e9nu nebo bojovnou Deboru. \u017densk\u00e9 archetypy najdeme tak\u00e9 ve \u010dtvero ro\u010dn\u00edch obdob\u00edch \u2013 jaru, l\u00e9t\u011b, [&hellip;]","datePublished":"2019-09-11","dateModified":"2023-05-03","author":{"@type":"Person","@id":"https:\/\/www.marilin.cz\/author\/#Person","name":"","url":"https:\/\/www.marilin.cz\/author\/","identifier":1,"image":{"@type":"ImageObject","@id":"https:\/\/secure.gravatar.com\/avatar\/831abbcc684823965c5caa39ae4561083127c8aedfe9e524c6cecc176998c733?s=96&d=mm&r=g","url":"https:\/\/secure.gravatar.com\/avatar\/831abbcc684823965c5caa39ae4561083127c8aedfe9e524c6cecc176998c733?s=96&d=mm&r=g","height":96,"width":96}},"publisher":{"@type":"Organization","name":"marilin.cz","logo":{"@type":"ImageObject","@id":"\/logo.png","url":"\/logo.png","width":600,"height":60}},"image":{"@type":"ImageObject","@id":"https:\/\/www.marilin.cz\/wp-content\/uploads\/img_a355301_w3761_t1569675976.jpg","url":"https:\/\/www.marilin.cz\/wp-content\/uploads\/img_a355301_w3761_t1569675976.jpg","height":0,"width":0},"url":"https:\/\/www.marilin.cz\/zenske-archetypy\/","about":["\u017deny"],"wordCount":508,"articleBody":"Pokud zn\u00e1te J. C. Junga, ur\u010dit\u011b zn\u00e1te jeho ur\u010den\u00ed o archetypech, mo\u017en\u00e1 jste se nejednou zam\u00fd\u0161leli nad mu\u017esk\u00fdmi a \u017eensk\u00fdmi archetypy. Inspiraci najdeme i v\u00a0d\u00e1vn\u00e9 historii.Celou \u0159adu \u017eensk\u00fdch archetyp\u016f najdeme v\u00a0antick\u00e9 mytologii nebo naopak v\u00a0biblick\u00fdch p\u0159\u00edb\u011bz\u00edch. Ka\u017ed\u00fd zn\u00e1me moudrou Ath\u00e9nu nebo bojovnou Deboru. \u017densk\u00e9 archetypy najdeme tak\u00e9 ve \u010dtvero ro\u010dn\u00edch obdob\u00edch \u2013 jaru, l\u00e9t\u011b, podzimu, a zim\u011b.\t\tJaro \u2013 jedn\u00e1 se o mladou \u017eenu, sp\u00ed\u0161e je\u0161t\u011b d\u00edvku, kter\u00e1 teprve odrostla d\u011btsk\u00fdm \u0161at\u016fm. Je kr\u00e1sn\u00e1, sebev\u011bdom\u00e1, tou\u017e\u00ed pozn\u00e1vat sv\u011bt, bavit se, a tou\u017e\u00ed po l\u00e1sce. \u010casto a r\u00e1da flirtuje a nijak se nevyh\u00fdb\u00e1 kr\u00e1tkodob\u00fdm vztah\u016fm. D\u00edvka je zam\u011b\u0159ena na sebe a je orientovan\u00e1 na sv\u011bt kolem sebe. \u010casem ov\u0161em dosp\u00edv\u00e1 do f\u00e1ze, kdy za\u010dne c\u00edtit pot\u0159ebu po jistot\u011b v\u00e1\u017en\u00e9ho vztahu a po zalo\u017een\u00ed vlastn\u00ed rodiny. Tato p\u0159irozen\u00e1 \u017eensk\u00e1 touha m\u016f\u017ee b\u00fdt v\u00fdrazn\u011b utlumena \u017eivotn\u00edm stylem, kdy se mlad\u00e9 \u017eeny do man\u017eelstv\u00ed zrovna nehrnou.\t\tL\u00e9to \u2013 s\u00a0pot\u0159ebou pevn\u00e9ho vztahu a zalo\u017een\u00edm rodiny mlad\u00e1 \u017eena vstupuje do letn\u00edho obdob\u00ed, pro kter\u00e9 je typick\u00e1 ob\u011btavost, l\u00e1skyplnost, oddanost, pracovitost, energi\u010dnost. Jedn\u00e1 se o nejv\u00edce tv\u016fr\u010d\u00ed obdob\u00ed v\u00a0\u017eivot\u011b \u017eeny, proto\u017ee se rozv\u00edj\u00ed jako milenka, matka a z\u00e1rove\u0148 se paraleln\u011b s\u00a0rodinn\u00fdm \u017eivotem realizuje v\u00a0profesn\u00ed sf\u00e9\u0159e. V\u00a0tomto obdob\u00ed je \u017eena neuv\u011b\u0159iteln\u011b plodn\u00e1 a to nikoli jen doslovn\u011b. Proto\u017ee \u017eena v\u00a0tomto obdob\u00ed ze sebe mnohem v\u00edce vyd\u00e1v\u00e1, ne\u017e p\u0159ij\u00edm\u00e1, m\u016f\u017ee se c\u00edtit frustrovan\u00e1. M\u011bla by si tedy um\u011bt \u0159\u00edct, co pot\u0159ebuje.\t\tPodzim &#8211; S\u00a0dosp\u00edv\u00e1n\u00edm d\u011bt\u00ed se \u017eena pomalu p\u0159esouv\u00e1 do podzimn\u00ed f\u00e1ze, kter\u00e1 je tak\u00e9 velmi plodn\u00e1, i kdy\u017e ta plodnost je \u010dasto obr\u00e1cena do vlastn\u00edho nitra. \u017dena za\u010d\u00edn\u00e1 m\u00edt probl\u00e9my sama se sebou, je citov\u011b i fyzicky labiln\u011bj\u0161\u00ed, pot\u0159ebuje v\u00edce \u010dasu na regeneraci. Na druhou stranu v\u011bnuje mnoho energie do nov\u00fdch projekt\u016f. Pokud tak ne\u010din\u00ed, proto\u017ee se nedok\u00e1\u017ee sm\u00ed\u0159it s\u00a0novou \u017eivotn\u00ed f\u00e1z\u00ed, m\u016f\u017ee m\u00edt psychick\u00e9 probl\u00e9my. Pokud se v\u0161ak dok\u00e1\u017ee aklimatizovat, velmi \u010dasto se jedn\u00e1 o nejkr\u00e1sn\u011bj\u0161\u00ed obdob\u00ed v\u00a0\u017eivot\u011b \u017eeny, proto\u017ee nyn\u00ed nastal prostor na to, aby se \u017eena v\u011bnovala tomu, co ji t\u011b\u0161\u00ed a co m\u00e1 r\u00e1da.\t\tZima \u2013 Jedn\u00e1 se o obdob\u00ed, kdy se \u017eena uzav\u00edr\u00e1 do sebe. Kone\u010dn\u011b dok\u00e1\u017ee opou\u0161t\u011bt i odpou\u0161t\u011bt. \u017dena bilancuje sv\u016fj \u017eivot, d\u00e1v\u00e1 mu spiritu\u00e1ln\u00ed rozm\u011br, tou\u017e\u00ed po sm\u00ed\u0159en\u00ed. Doch\u00e1z\u00ed ke zral\u00e9mu \u017eenstv\u00ed. Toto obdob\u00ed m\u016f\u017ee b\u00fdt velmi plodn\u00e9, pokud \u017eena nem\u00e1 strach pono\u0159it se do hlubin byt\u00ed.                                                                                                                                                                                                                                                                                                                                                                                        4.2\/5 - (10 votes)        "},{"@context":"https:\/\/schema.org\/","@type":"BreadcrumbList","itemListElement":[{"@type":"ListItem","position":1,"name":"\u017densk\u00e9 archetypy","item":"https:\/\/www.marilin.cz\/zenske-archetypy\/#breadcrumbitem"}]}]